{"id":180,"date":"2023-07-15T17:23:09","date_gmt":"2023-07-15T16:23:09","guid":{"rendered":"https:\/\/ladansedehyunah.fr\/?p=180"},"modified":"2023-11-23T22:17:41","modified_gmt":"2023-11-23T21:17:41","slug":"cours-hebdomadaires-de-biodanza-23-24","status":"publish","type":"post","link":"https:\/\/ladansedehyunah.fr\/index.php\/2023\/07\/15\/cours-hebdomadaires-de-biodanza-23-24\/","title":{"rendered":"Cours hebdomadaires de Biodanza 23\/24"},"content":{"rendered":"\n<p><\/p>\n\n\n\n<p>Les cours de Biodanza reprennent \u00e0 la rentr\u00e9e \u00e0 partir du 12 septembre. Les cours auront lieu \u00e0 la salle Anou Skan \u00e0 Lyon 1er tous les mardis de 19h \u00e0 21h. <\/p>\n\n\n\n<figure class=\"wp-block-image size-large wp-duotone-unset-1\"><img loading=\"lazy\" decoding=\"async\" width=\"1024\" height=\"576\" src=\"https:\/\/ladansedehyunah.fr\/wp-content\/uploads\/2023\/11\/4-1-1024x576.jpg\" alt=\"\" class=\"wp-image-431\" srcset=\"https:\/\/ladansedehyunah.fr\/wp-content\/uploads\/2023\/11\/4-1-1024x576.jpg 1024w, https:\/\/ladansedehyunah.fr\/wp-content\/uploads\/2023\/11\/4-1-300x169.jpg 300w, https:\/\/ladansedehyunah.fr\/wp-content\/uploads\/2023\/11\/4-1-768x432.jpg 768w, https:\/\/ladansedehyunah.fr\/wp-content\/uploads\/2023\/11\/4-1-1536x864.jpg 1536w, https:\/\/ladansedehyunah.fr\/wp-content\/uploads\/2023\/11\/4-1.jpg 1920w\" sizes=\"auto, (max-width: 1024px) 100vw, 1024px\" \/><\/figure>\n\n\n\n<figure class=\"wp-block-image size-large\"><img loading=\"lazy\" decoding=\"async\" width=\"1024\" height=\"576\" src=\"https:\/\/ladansedehyunah.fr\/wp-content\/uploads\/2023\/11\/5-1024x576.jpg\" alt=\"\" class=\"wp-image-433\" srcset=\"https:\/\/ladansedehyunah.fr\/wp-content\/uploads\/2023\/11\/5-1024x576.jpg 1024w, https:\/\/ladansedehyunah.fr\/wp-content\/uploads\/2023\/11\/5-300x169.jpg 300w, https:\/\/ladansedehyunah.fr\/wp-content\/uploads\/2023\/11\/5-768x432.jpg 768w, https:\/\/ladansedehyunah.fr\/wp-content\/uploads\/2023\/11\/5-1536x864.jpg 1536w, https:\/\/ladansedehyunah.fr\/wp-content\/uploads\/2023\/11\/5.jpg 1920w\" sizes=\"auto, (max-width: 1024px) 100vw, 1024px\" \/><\/figure>\n","protected":false},"excerpt":{"rendered":"<p>Les cours de Biodanza reprennent \u00e0 la rentr\u00e9e \u00e0 partir du 12 septembre. Les cours auront lieu \u00e0 la salle Anou Skan \u00e0 Lyon 1er tous les mardis de 19h \u00e0 21h.<\/p>\n","protected":false},"author":1,"featured_media":0,"comment_status":"open","ping_status":"open","sticky":false,"template":"","format":"standard","meta":{"_themeisle_gutenberg_block_has_review":false,"footnotes":""},"categories":[8],"tags":[],"class_list":["post-180","post","type-post","status-publish","format-standard","hentry","category-evenements"],"_links":{"self":[{"href":"https:\/\/ladansedehyunah.fr\/index.php\/wp-json\/wp\/v2\/posts\/180","targetHints":{"allow":["GET"]}}],"collection":[{"href":"https:\/\/ladansedehyunah.fr\/index.php\/wp-json\/wp\/v2\/posts"}],"about":[{"href":"https:\/\/ladansedehyunah.fr\/index.php\/wp-json\/wp\/v2\/types\/post"}],"author":[{"embeddable":true,"href":"https:\/\/ladansedehyunah.fr\/index.php\/wp-json\/wp\/v2\/users\/1"}],"replies":[{"embeddable":true,"href":"https:\/\/ladansedehyunah.fr\/index.php\/wp-json\/wp\/v2\/comments?post=180"}],"version-history":[{"count":5,"href":"https:\/\/ladansedehyunah.fr\/index.php\/wp-json\/wp\/v2\/posts\/180\/revisions"}],"predecessor-version":[{"id":434,"href":"https:\/\/ladansedehyunah.fr\/index.php\/wp-json\/wp\/v2\/posts\/180\/revisions\/434"}],"wp:attachment":[{"href":"https:\/\/ladansedehyunah.fr\/index.php\/wp-json\/wp\/v2\/media?parent=180"}],"wp:term":[{"taxonomy":"category","embeddable":true,"href":"https:\/\/ladansedehyunah.fr\/index.php\/wp-json\/wp\/v2\/categories?post=180"},{"taxonomy":"post_tag","embeddable":true,"href":"https:\/\/ladansedehyunah.fr\/index.php\/wp-json\/wp\/v2\/tags?post=180"}],"curies":[{"name":"wp","href":"https:\/\/api.w.org\/{rel}","templated":true}]}}