{"id":409,"date":"2023-11-12T18:54:54","date_gmt":"2023-11-12T17:54:54","guid":{"rendered":"https:\/\/ladansedehyunah.fr\/?p=409"},"modified":"2023-11-23T22:15:37","modified_gmt":"2023-11-23T21:15:37","slug":"emission-radio-echos-damerique-latine-91-5","status":"publish","type":"post","link":"https:\/\/ladansedehyunah.fr\/index.php\/2023\/11\/12\/emission-radio-echos-damerique-latine-91-5\/","title":{"rendered":"Emission Radio Echos d&rsquo;Am\u00e9rique  Latine 91.5"},"content":{"rendered":"\n<p>Emission en direct avec Echos D&rsquo;Am\u00e9rique Latine samedi 18 novembre de 15H30 \u00e0 17H00 sur radio Pluriel 91.5 avec C\u00e9cile Hocd\u00e9 et Monica Gallardo.<\/p>\n\n\n\n<p>Que es la Biodanza ?  No se pierda!! <\/p>\n\n\n\n<p><em>Vous pourrez nous \u00e9couter en espagnol et en fran\u00e7ais.<\/em><\/p>\n\n\n\n<figure class=\"wp-block-image size-large\"><img loading=\"lazy\" decoding=\"async\" width=\"576\" height=\"1024\" src=\"https:\/\/ladansedehyunah.fr\/wp-content\/uploads\/2023\/11\/Colorful-Retro-Illustration-World-Radio-Day-Instagram-Story-576x1024.png\" alt=\"\" class=\"wp-image-410\" srcset=\"https:\/\/ladansedehyunah.fr\/wp-content\/uploads\/2023\/11\/Colorful-Retro-Illustration-World-Radio-Day-Instagram-Story-576x1024.png 576w, https:\/\/ladansedehyunah.fr\/wp-content\/uploads\/2023\/11\/Colorful-Retro-Illustration-World-Radio-Day-Instagram-Story-169x300.png 169w, https:\/\/ladansedehyunah.fr\/wp-content\/uploads\/2023\/11\/Colorful-Retro-Illustration-World-Radio-Day-Instagram-Story-768x1365.png 768w, https:\/\/ladansedehyunah.fr\/wp-content\/uploads\/2023\/11\/Colorful-Retro-Illustration-World-Radio-Day-Instagram-Story-864x1536.png 864w, https:\/\/ladansedehyunah.fr\/wp-content\/uploads\/2023\/11\/Colorful-Retro-Illustration-World-Radio-Day-Instagram-Story.png 1080w\" sizes=\"auto, (max-width: 576px) 100vw, 576px\" \/><\/figure>\n\n\n\n<p>Ci joint le lien de la rediffusion de l&rsquo;interview .<\/p>\n\n\n\n<figure class=\"wp-block-embed is-type-rich is-provider-mixcloud wp-block-embed-mixcloud wp-embed-aspect-21-9 wp-has-aspect-ratio\"><div class=\"wp-block-embed__wrapper\">\n<iframe loading=\"lazy\" title=\"Echos 18 De Noviembre 2023 - Biodanza N\u00b02\" width=\"100%\" height=\"120\" src=\"https:\/\/www.mixcloud.com\/widget\/iframe\/?feed=https%3A%2F%2Fwww.mixcloud.com%2Fechos-d-amerique-latine%2Fechos-18-de-noviembre-2023-biodanza-n2%2F&amp;hide_cover=1\" frameborder=\"0\"><\/iframe>\n<\/div><\/figure>\n","protected":false},"excerpt":{"rendered":"<p>Emission en direct avec Echos D&rsquo;Am\u00e9rique Latine samedi 18 novembre de 15H30 \u00e0 17H00 sur radio Pluriel 91.5 avec C\u00e9cile Hocd\u00e9 et Monica Gallardo. Que es la Biodanza ? No se pierda!! Vous pourrez nous \u00e9couter en espagnol et en fran\u00e7ais. Ci joint le lien de la rediffusion de l&rsquo;interview .<\/p>\n","protected":false},"author":1,"featured_media":0,"comment_status":"open","ping_status":"open","sticky":false,"template":"","format":"standard","meta":{"_themeisle_gutenberg_block_has_review":false,"footnotes":""},"categories":[1],"tags":[],"class_list":["post-409","post","type-post","status-publish","format-standard","hentry","category-uncategorized"],"_links":{"self":[{"href":"https:\/\/ladansedehyunah.fr\/index.php\/wp-json\/wp\/v2\/posts\/409","targetHints":{"allow":["GET"]}}],"collection":[{"href":"https:\/\/ladansedehyunah.fr\/index.php\/wp-json\/wp\/v2\/posts"}],"about":[{"href":"https:\/\/ladansedehyunah.fr\/index.php\/wp-json\/wp\/v2\/types\/post"}],"author":[{"embeddable":true,"href":"https:\/\/ladansedehyunah.fr\/index.php\/wp-json\/wp\/v2\/users\/1"}],"replies":[{"embeddable":true,"href":"https:\/\/ladansedehyunah.fr\/index.php\/wp-json\/wp\/v2\/comments?post=409"}],"version-history":[{"count":3,"href":"https:\/\/ladansedehyunah.fr\/index.php\/wp-json\/wp\/v2\/posts\/409\/revisions"}],"predecessor-version":[{"id":430,"href":"https:\/\/ladansedehyunah.fr\/index.php\/wp-json\/wp\/v2\/posts\/409\/revisions\/430"}],"wp:attachment":[{"href":"https:\/\/ladansedehyunah.fr\/index.php\/wp-json\/wp\/v2\/media?parent=409"}],"wp:term":[{"taxonomy":"category","embeddable":true,"href":"https:\/\/ladansedehyunah.fr\/index.php\/wp-json\/wp\/v2\/categories?post=409"},{"taxonomy":"post_tag","embeddable":true,"href":"https:\/\/ladansedehyunah.fr\/index.php\/wp-json\/wp\/v2\/tags?post=409"}],"curies":[{"name":"wp","href":"https:\/\/api.w.org\/{rel}","templated":true}]}}