{"id":988,"date":"2025-05-05T09:15:05","date_gmt":"2025-05-05T08:15:05","guid":{"rendered":"https:\/\/ladansedehyunah.fr\/?p=988"},"modified":"2025-05-05T09:15:05","modified_gmt":"2025-05-05T08:15:05","slug":"biodanza-et-journal-bio-creatif-a-lyon-1er-2","status":"publish","type":"post","link":"https:\/\/ladansedehyunah.fr\/index.php\/2025\/05\/05\/biodanza-et-journal-bio-creatif-a-lyon-1er-2\/","title":{"rendered":"Biodanza et journal Bio-cr\u00e9atif \u00e0 Lyon 1er."},"content":{"rendered":"\n<p>Samedi 24 mai de 14H \u00e0 17H <\/p>\n\n\n\n<p>\u00a0\u00bb Le journal  de Frida Kahlo\u00a0\u00bb  R\u00e9silience <\/p>\n\n\n\n<p>Atelier Biodanza et Journal Bio cr\u00e9atif le journal de Frida Kahlo, le samedi 24 Mai  de 14h \u00e0 17h \u00e0 Lyon 1 er \u00a0\u00bb en hommage \u00e0 Frida Kahlo, femme r\u00e9siliente qui a fait de sa vie une \u0153uvre d\u2019art . Elle a puis\u00e9 en elle , sa force, sa cr\u00e9ativit\u00e9 pour d\u00e9passer ses souffrances.<\/p>\n\n\n\n<p>Cet atelier est adress\u00e9 aux femmes et sera anim\u00e9 par C\u00e9cile Hocd\u00e9 . Form\u00e9e \u00e0 l\u2019extension \u00a0\u00bb journal bio cr\u00e9atif \u00a0\u00bb avec Maria del Pilar Amaya et le \u00ab\u00a0f\u00e9minin profond \u00a0\u00bb avec Myrthes Gonzalez. En s\u2019appuyant sur ces deux extensions pour cr\u00e9er cet atelier.<\/p>\n\n\n\n<p>Le journal bio cr\u00e9atif sera au rendez vous. Osez \u00eatre vous-m\u00eame !<\/p>\n\n\n\n<p>Le courage d\u2019\u00eatre soi en transformant votre vie en couleurs, en mouvement tout en puisant vos ressources et forces.<\/p>\n\n\n\n<p>C\u00e9l\u00e9brer la beaut\u00e9 et l\u2019imperfection de notre \u00eatre, embrasser chaque facette de nous m\u00eame .<\/p>\n\n\n\n<p>Faire de la po\u00e9sie avec son corps et se connecter \u00e0 nos propres \u00e9motions.<\/p>\n\n\n\n<p>\u00c0 travers cet atelier, nous utiliserons le journal comme compagnon de voyage et nous cheminerons au fil du temps avec progressivit\u00e9 en nous appuyant sur la bienveillance du groupe.<\/p>\n\n\n\n<p>Nous utiliserons diff\u00e9rentes formes d\u2019expression artistiques qui serviront de soutien (le collage, la photographie, le dessin, l\u2019\u00e9criture organique, la po\u00e9sie, l\u2019argile, la danse, la peinture, les contes\u2026..) .<\/p>\n\n\n\n<p>Le mot \u00ab po\u00e9sie \u00bb sur un plan \u00e9tymologique , qui vient vient du mot grec \u00bb poiesis \u00bb signifie cr\u00e9er, f\u00e9conder, faire na\u00eetre.<\/p>\n\n\n\n<p>Dans l\u2019\u00e9criture vivencielle, c\u2019est tout notre corps qui est impliqu\u00e9, une sensation, une \u00e9motion nous traverse lorsque nous \u00e9crivons chaque mot. C\u2019est un accouchement de soi.<\/p>\n\n\n\n<p>\u00a0\u00a0\u00bb Je ne peins pas des r\u00eaves, je peins ma r\u00e9alit\u00e9.\u00a0\u00bb Frida Kahlo<\/p>\n\n\n\n<p>Pas besoin de savoir danser, peindre, \u00e9crire . Se laisser \u00e9mouvoir par la musique, le mouvement \u2026<\/p>\n\n\n\n<p>Pour plus d\u2019informations \/ inscriptions<\/p>\n\n\n\n<p>ladansedehyunah@gmail.com  ou 07. 82. 90.68.95<\/p>\n\n\n\n<p>Tarif : 30 euros Adh\u00e9rent : 25 euros<\/p>\n\n\n\n<p>En cas de difficult\u00e9s financi\u00e8res, merci de l\u2019indiquer.<\/p>\n\n\n\n<figure class=\"wp-block-image size-large\"><img loading=\"lazy\" decoding=\"async\" width=\"1024\" height=\"1024\" src=\"https:\/\/ladansedehyunah.fr\/wp-content\/uploads\/2025\/05\/FRIDA1-1024x1024.jpg\" alt=\"\" class=\"wp-image-989\" srcset=\"https:\/\/ladansedehyunah.fr\/wp-content\/uploads\/2025\/05\/FRIDA1-1024x1024.jpg 1024w, https:\/\/ladansedehyunah.fr\/wp-content\/uploads\/2025\/05\/FRIDA1-300x300.jpg 300w, https:\/\/ladansedehyunah.fr\/wp-content\/uploads\/2025\/05\/FRIDA1-150x150.jpg 150w, https:\/\/ladansedehyunah.fr\/wp-content\/uploads\/2025\/05\/FRIDA1-768x768.jpg 768w, https:\/\/ladansedehyunah.fr\/wp-content\/uploads\/2025\/05\/FRIDA1.jpg 1080w\" sizes=\"auto, (max-width: 1024px) 100vw, 1024px\" \/><\/figure>\n","protected":false},"excerpt":{"rendered":"<p>Samedi 24 mai de 14H \u00e0 17H \u00a0\u00bb Le journal de Frida Kahlo\u00a0\u00bb R\u00e9silience Atelier Biodanza et Journal Bio cr\u00e9atif le journal de Frida Kahlo, le samedi 24 Mai de 14h \u00e0 17h \u00e0 Lyon 1 er \u00a0\u00bb en hommage \u00e0 Frida Kahlo, femme r\u00e9siliente qui a fait de sa vie une \u0153uvre d\u2019art . [&hellip;]<\/p>\n","protected":false},"author":1,"featured_media":0,"comment_status":"open","ping_status":"open","sticky":false,"template":"","format":"standard","meta":{"_themeisle_gutenberg_block_has_review":false,"footnotes":""},"categories":[1],"tags":[],"class_list":["post-988","post","type-post","status-publish","format-standard","hentry","category-uncategorized"],"_links":{"self":[{"href":"https:\/\/ladansedehyunah.fr\/index.php\/wp-json\/wp\/v2\/posts\/988","targetHints":{"allow":["GET"]}}],"collection":[{"href":"https:\/\/ladansedehyunah.fr\/index.php\/wp-json\/wp\/v2\/posts"}],"about":[{"href":"https:\/\/ladansedehyunah.fr\/index.php\/wp-json\/wp\/v2\/types\/post"}],"author":[{"embeddable":true,"href":"https:\/\/ladansedehyunah.fr\/index.php\/wp-json\/wp\/v2\/users\/1"}],"replies":[{"embeddable":true,"href":"https:\/\/ladansedehyunah.fr\/index.php\/wp-json\/wp\/v2\/comments?post=988"}],"version-history":[{"count":1,"href":"https:\/\/ladansedehyunah.fr\/index.php\/wp-json\/wp\/v2\/posts\/988\/revisions"}],"predecessor-version":[{"id":990,"href":"https:\/\/ladansedehyunah.fr\/index.php\/wp-json\/wp\/v2\/posts\/988\/revisions\/990"}],"wp:attachment":[{"href":"https:\/\/ladansedehyunah.fr\/index.php\/wp-json\/wp\/v2\/media?parent=988"}],"wp:term":[{"taxonomy":"category","embeddable":true,"href":"https:\/\/ladansedehyunah.fr\/index.php\/wp-json\/wp\/v2\/categories?post=988"},{"taxonomy":"post_tag","embeddable":true,"href":"https:\/\/ladansedehyunah.fr\/index.php\/wp-json\/wp\/v2\/tags?post=988"}],"curies":[{"name":"wp","href":"https:\/\/api.w.org\/{rel}","templated":true}]}}